{"id":74993,"date":"2025-04-04T15:27:38","date_gmt":"2025-04-04T13:27:38","guid":{"rendered":"https:\/\/skrivanek.cz\/?p=74993"},"modified":"2025-04-04T15:28:49","modified_gmt":"2025-04-04T13:28:49","slug":"behame-pro-dobrou-vec-run-for-procit-2025","status":"publish","type":"post","link":"https:\/\/skrivanek.cz\/cz\/novinky\/behame-pro-dobrou-vec-run-for-procit-2025\/","title":{"rendered":"B\u011bh\u00e1me pro dobrou v\u011bc: RUN for ProCit 2025"},"content":{"rendered":"<p class=\"\" data-start=\"266\" data-end=\"520\">U\u017e n\u011bkolik let podporujeme neziskovou organizaci <strong data-start=\"315\" data-end=\"325\">ProCit<\/strong>, kter\u00e1 se v\u011bnuje pomoci rodin\u00e1m s&nbsp;d\u011btmi s&nbsp;poruchou autistick\u00e9ho spektra (PAS). Jejich pr\u00e1ce si nesm\u00edrn\u011b v\u00e1\u017e\u00edme \u2013 nejen pro jej\u00ed dlouhodob\u00fd dopad, ale i&nbsp;pro lidsk\u00fd p\u0159\u00edstup, s&nbsp;jak\u00fdm ji vykon\u00e1vaj\u00ed.<\/p>\n<p class=\"\" data-start=\"522\" data-end=\"960\"><strong data-start=\"522\" data-end=\"532\">ProCit<\/strong> vznikl z&nbsp;pot\u0159eby propojit rodiny, kter\u00e9 se pot\u00fdkaj\u00ed s&nbsp;autismem, a&nbsp;nab\u00eddnout jim nejen praktickou pomoc, ale i&nbsp;pochopen\u00ed, sd\u00edlen\u00ed zku\u0161enost\u00ed a&nbsp;pocit, \u017ee v&nbsp;tom nejsou sami. Poskytuj\u00ed odborn\u00e9 poradenstv\u00ed, realizuj\u00ed vzd\u011bl\u00e1vac\u00ed kurzy, organizuj\u00ed pobyty i&nbsp;z\u00e1\u017eitkov\u00e9 programy pro d\u011bti a&nbsp;rodi\u010de. Vytv\u00e1\u0159ej\u00ed prost\u0159ed\u00ed, kde se d\u011bti mohou rozv\u00edjet sv\u00fdm vlastn\u00edm tempem, a&nbsp;kde je jejich jedine\u010dnost vn\u00edm\u00e1na jako obohacen\u00ed \u2013 ne jako probl\u00e9m.<\/p>\n<p class=\"\" data-start=\"962\" data-end=\"1360\">Jednou z&nbsp;aktivit, kter\u00e1 propojuje ve\u0159ejnost s&nbsp;t\u00edmto t\u00e9matem, je ka\u017edoro\u010dn\u00ed charitativn\u00ed b\u011bh <strong data-start=\"1054\" data-end=\"1072\">RUN for ProCit<\/strong>. Letos se uskute\u010dn\u00ed u\u017e <strong data-start=\"1096\" data-end=\"1109\">9.&nbsp;ro\u010dn\u00edk<\/strong>, a&nbsp;to <strong data-start=\"1116\" data-end=\"1167\">v sobotu 26.&nbsp;dubna 2025 v&nbsp;Borsk\u00e9m parku v&nbsp;Plzni<\/strong>. Na v\u00fdb\u011br jsou trasy <strong data-start=\"1189\" data-end=\"1208\">2 a&nbsp;5 kilometr\u016f.<\/strong>\u00a0Program prob\u00edh\u00e1 od <strong data-start=\"1242\" data-end=\"1266\">10:15 hodin<\/strong>. P\u0159ihl\u00e1sit se m\u016f\u017eete na <a class=\"\" href=\"https:\/\/www.runforprocit.cz\/\" target=\"_new\" rel=\"noopener\" data-start=\"1291\" data-end=\"1342\">www.runforprocit.cz<\/a> do <strong data-start=\"1346\" data-end=\"1359\">25.&nbsp;dubna<\/strong>.<\/p>\n<p class=\"\" data-start=\"1362\" data-end=\"1571\">Akce m\u00e1 nejen sportovn\u00ed, ale i&nbsp;komunitn\u00ed charakter \u2013 na m\u00edst\u011b v\u00e1s \u010dek\u00e1 bohat\u00fd doprovodn\u00fd program, ale p\u0159edev\u0161\u00edm den pln\u00fd solidarity, radosti a&nbsp;smyslupln\u00e9ho propojen\u00ed.<\/p>\n<h3 class=\"\" data-start=\"1578\" data-end=\"1598\">P\u0159idejte se i&nbsp;vy<\/h3>\n<p class=\"\" data-start=\"1600\" data-end=\"1806\">RUN for ProCit nen\u00ed jen o&nbsp;b\u011bhu. Je o&nbsp;empatii, spolupr\u00e1ci a&nbsp;spole\u010dn\u00e9m hled\u00e1n\u00ed cest k&nbsp;v\u011bt\u0161\u00edmu porozum\u011bn\u00ed. P\u0159ij\u010fte si zab\u011bhat, nebo se p\u0159ij\u010fte jen pod\u00edvat \u2013 a&nbsp;pomozte \u0161\u00ed\u0159it pov\u011bdom\u00ed o&nbsp;autismu spolu s&nbsp;n\u00e1mi.<\/p>\n<p class=\"\" data-start=\"2036\" data-end=\"2080\">Spole\u010dn\u011b pom\u00e1h\u00e1me sv\u011btu porozum\u011bt jinakosti.<\/p>\n<p data-start=\"2036\" data-end=\"2080\"><img loading=\"lazy\" decoding=\"async\" class=\"alignnone wp-image-74994\" src=\"https:\/\/skrivanek.cz\/wp-content\/uploads\/2025\/04\/procit-beh.jpg\" alt=\"procit b\u011bh\" width=\"400\" height=\"500\" \/><\/p>\n","protected":false},"excerpt":{"rendered":"<p>U\u017e n\u011bkolik let podporujeme neziskovou organizaci ProCit, kter\u00e1 se v\u011bnuje pomoci rodin\u00e1m s&nbsp;d\u011btmi s&nbsp;poruchou autistick\u00e9ho spektra (PAS). Jejich pr\u00e1ce si nesm\u00edrn\u011b v\u00e1\u017e\u00edme \u2013 nejen pro jej\u00ed dlouhodob\u00fd dopad, ale i&nbsp;pro lidsk\u00fd p\u0159\u00edstup, s&nbsp;jak\u00fdm ji vykon\u00e1vaj\u00ed. ProCit vznikl z&nbsp;pot\u0159eby propojit rodiny, kter\u00e9 se pot\u00fdkaj\u00ed s&nbsp;autismem, a&nbsp;nab\u00eddnout jim nejen praktickou pomoc, ale i&nbsp;pochopen\u00ed, sd\u00edlen\u00ed zku\u0161enost\u00ed a&nbsp;pocit, \u017ee [&hellip;]<\/p>\n","protected":false},"author":9,"featured_media":75001,"comment_status":"closed","ping_status":"closed","sticky":false,"template":"","format":"standard","meta":{"_acf_changed":false,"footnotes":""},"categories":[1],"tags":[],"class_list":["post-74993","post","type-post","status-publish","format-standard","has-post-thumbnail","hentry","category-novinky"],"acf":[],"aioseo_notices":[],"_links":{"self":[{"href":"https:\/\/skrivanek.cz\/cz\/wp-json\/wp\/v2\/posts\/74993","targetHints":{"allow":["GET"]}}],"collection":[{"href":"https:\/\/skrivanek.cz\/cz\/wp-json\/wp\/v2\/posts"}],"about":[{"href":"https:\/\/skrivanek.cz\/cz\/wp-json\/wp\/v2\/types\/post"}],"author":[{"embeddable":true,"href":"https:\/\/skrivanek.cz\/cz\/wp-json\/wp\/v2\/users\/9"}],"replies":[{"embeddable":true,"href":"https:\/\/skrivanek.cz\/cz\/wp-json\/wp\/v2\/comments?post=74993"}],"version-history":[{"count":3,"href":"https:\/\/skrivanek.cz\/cz\/wp-json\/wp\/v2\/posts\/74993\/revisions"}],"predecessor-version":[{"id":75015,"href":"https:\/\/skrivanek.cz\/cz\/wp-json\/wp\/v2\/posts\/74993\/revisions\/75015"}],"wp:featuredmedia":[{"embeddable":true,"href":"https:\/\/skrivanek.cz\/cz\/wp-json\/wp\/v2\/media\/75001"}],"wp:attachment":[{"href":"https:\/\/skrivanek.cz\/cz\/wp-json\/wp\/v2\/media?parent=74993"}],"wp:term":[{"taxonomy":"category","embeddable":true,"href":"https:\/\/skrivanek.cz\/cz\/wp-json\/wp\/v2\/categories?post=74993"},{"taxonomy":"post_tag","embeddable":true,"href":"https:\/\/skrivanek.cz\/cz\/wp-json\/wp\/v2\/tags?post=74993"}],"curies":[{"name":"wp","href":"https:\/\/api.w.org\/{rel}","templated":true}]}}